{"id":2767,"date":"2024-03-14T20:09:23","date_gmt":"2024-03-14T20:09:23","guid":{"rendered":"https:\/\/www.pgd-slovenjgradec.si\/?p=2767"},"modified":"2024-03-19T07:10:49","modified_gmt":"2024-03-19T07:10:49","slug":"vaje-iz-vrvne-tehnike","status":"publish","type":"post","link":"https:\/\/www.pgd-slovenjgradec.si\/domov\/domov-2\/vaje-iz-vrvne-tehnike\/","title":{"rendered":"Vaje iz vrvne tehnike"},"content":{"rendered":"<p>V \u010detrtek smo imeli vajo re\u0161evanja iz ja\u0161kov s pomo\u010djo vrvne tehnike.<\/p>\n<style>\/*! elementor - v3.20.0 - 11-03-2024 *\/<br \/>\n.elementor-widget-image{text-align:center}.elementor-widget-image a{display:inline-block}.elementor-widget-image a img[src$=\".svg\"]{width:48px}.elementor-widget-image img{vertical-align:middle;display:inline-block}<\/style>\n<p><img class=\"lazyload\" decoding=\"async\" src=\"https:\/\/www.pgd-slovenjgradec.si\/wp-content\/uploads\/2024\/03\/PGD-SG-VAJA-VRVNA-TEHNIKA-14032024.jpg\" data-orig-src=\"https:\/\/www.pgd-slovenjgradec.si\/wp-content\/uploads\/2024\/03\/PGD-SG-VAJA-VRVNA-TEHNIKA-14032024.jpg\" data-sizes=\"auto\" data-orig-sizes=\"(max-width: 1502px) 100vw, 1502px\" srcset=\"data:image\/svg+xml,%3Csvg%20xmlns%3D%27http%3A%2F%2Fwww.w3.org%2F2000%2Fsvg%27%20width%3D%271502%27%20height%3D%272048%27%20viewBox%3D%270%200%201502%202048%27%3E%3Crect%20width%3D%271502%27%20height%3D%272048%27%20fill-opacity%3D%220%22%2F%3E%3C%2Fsvg%3E\" data-srcset=\"https:\/\/www.pgd-slovenjgradec.si\/wp-content\/uploads\/2024\/03\/PGD-SG-VAJA-VRVNA-TEHNIKA-14032024.jpg 1502w, https:\/\/www.pgd-slovenjgradec.si\/wp-content\/uploads\/2024\/03\/PGD-SG-VAJA-VRVNA-TEHNIKA-14032024-220x300.jpg 220w, https:\/\/www.pgd-slovenjgradec.si\/wp-content\/uploads\/2024\/03\/PGD-SG-VAJA-VRVNA-TEHNIKA-14032024-751x1024.jpg 751w, https:\/\/www.pgd-slovenjgradec.si\/wp-content\/uploads\/2024\/03\/PGD-SG-VAJA-VRVNA-TEHNIKA-14032024-768x1047.jpg 768w, https:\/\/www.pgd-slovenjgradec.si\/wp-content\/uploads\/2024\/03\/PGD-SG-VAJA-VRVNA-TEHNIKA-14032024-1127x1536.jpg 1127w\" alt=\"\" width=\"1502\" height=\"2048\" \/><\/p>\n","protected":false},"excerpt":{"rendered":"<p>V \u010detrtek smo imeli vajo re\u0161evanja iz ja\u0161kov s pomo\u010djo<\/p>\n","protected":false},"author":2,"featured_media":0,"comment_status":"closed","ping_status":"open","sticky":false,"template":"","format":"standard","meta":{"footnotes":""},"categories":[9],"tags":[],"class_list":["post-2767","post","type-post","status-publish","format-standard","hentry","category-aktualno"],"_links":{"self":[{"href":"https:\/\/www.pgd-slovenjgradec.si\/domov\/domov-2\/wp-json\/wp\/v2\/posts\/2767","targetHints":{"allow":["GET"]}}],"collection":[{"href":"https:\/\/www.pgd-slovenjgradec.si\/domov\/domov-2\/wp-json\/wp\/v2\/posts"}],"about":[{"href":"https:\/\/www.pgd-slovenjgradec.si\/domov\/domov-2\/wp-json\/wp\/v2\/types\/post"}],"author":[{"embeddable":true,"href":"https:\/\/www.pgd-slovenjgradec.si\/domov\/domov-2\/wp-json\/wp\/v2\/users\/2"}],"replies":[{"embeddable":true,"href":"https:\/\/www.pgd-slovenjgradec.si\/domov\/domov-2\/wp-json\/wp\/v2\/comments?post=2767"}],"version-history":[{"count":5,"href":"https:\/\/www.pgd-slovenjgradec.si\/domov\/domov-2\/wp-json\/wp\/v2\/posts\/2767\/revisions"}],"predecessor-version":[{"id":2773,"href":"https:\/\/www.pgd-slovenjgradec.si\/domov\/domov-2\/wp-json\/wp\/v2\/posts\/2767\/revisions\/2773"}],"wp:attachment":[{"href":"https:\/\/www.pgd-slovenjgradec.si\/domov\/domov-2\/wp-json\/wp\/v2\/media?parent=2767"}],"wp:term":[{"taxonomy":"category","embeddable":true,"href":"https:\/\/www.pgd-slovenjgradec.si\/domov\/domov-2\/wp-json\/wp\/v2\/categories?post=2767"},{"taxonomy":"post_tag","embeddable":true,"href":"https:\/\/www.pgd-slovenjgradec.si\/domov\/domov-2\/wp-json\/wp\/v2\/tags?post=2767"}],"curies":[{"name":"wp","href":"https:\/\/api.w.org\/{rel}","templated":true}]}}